{"id":6121,"date":"2026-02-20T17:09:00","date_gmt":"2026-02-20T20:09:00","guid":{"rendered":"https:\/\/ocaminhoneirolegal.com.br\/?p=6121"},"modified":"2026-02-22T20:03:50","modified_gmt":"2026-02-22T23:03:50","slug":"o-carona-do-posto-sem-nome","status":"publish","type":"post","link":"https:\/\/ocaminhoneirolegal.com.br\/index.php\/2026\/02\/20\/o-carona-do-posto-sem-nome\/","title":{"rendered":"O carona do posto sem nome"},"content":{"rendered":"\n<p><strong>ARLINDO ARMANDO<\/strong><\/p>\n\n\n\n<p>Eu conheci o estranho num posto de parada que eu jurava que j\u00e1 tinha visto antes \u2014 e, ao mesmo tempo, n\u00e3o lembrava de existir exatamente naquele lugar. Era noite de tempo virando, vento atravessado, nuvem forte rasgando a serra. Eu puxava carga leve, mas a estrada estava pesada: chuva grossa e caminh\u00f5es apressados passando do lado como se fossem blindados contra o destino.<\/p>\n\n\n\n<p>O posto era simples. Uma lanchonete com luz amarela, uma bomba antiga e um p\u00e1tio limpo demais. Entrei s\u00f3 para lavar o rosto e tomar caf\u00e9. O cara estava no balc\u00e3o, encostado como se esperasse por mim. N\u00e3o era velho nem novo, mas tinha uma calma de quem j\u00e1 viu muita coisa e n\u00e3o faz quest\u00e3o de contar. Rosto comum, roupa comum, olhar incomum.<\/p>\n\n\n\n<p>\u201cVai descer a serra agora?\u201d, ele perguntou, como se&nbsp; soubesse do meu itiner\u00e1rio.<\/p>\n\n\n\n<p>Eu respondi que sim. Ele deu um gole no caf\u00e9 e falou, sem pressa: \u201cEnt\u00e3o voc\u00ea vai bem devagar depois do quil\u00f4metro\u2026 deixa eu ver\u2026 184.\u201d<\/p>\n\n\n\n<p>Eu ri, por educa\u00e7\u00e3o. Caminhoneiro vive de dica de estrada, mas tamb\u00e9m vive de desconfiar de conselho f\u00e1cil. S\u00f3 que ele continuou, e cada detalhe que dizia batia com coisas que eu sabia porque j\u00e1 tinha passado ali muitas vezes: uma curva cega com remendo de asfalto, uma ponte estreita com prote\u00e7\u00e3o de metal todo amassado e um trecho onde o r\u00e1dio fica mudo.<\/p>\n\n\n\n<p>Ent\u00e3o ele falou, com voz grave e pausadamente: \u201cE quando o caminh\u00e3o da carroceria verde te fechar, voc\u00ea n\u00e3o buzina. Voc\u00ea reduz e, a\u00ed, deixa ele ir.\u201d<\/p>\n\n\n\n<p>No in\u00edcio achei que ele n\u00e3o batia bem da cabe\u00e7a. Mais um maluco vagando pela estrada. Ele insistiu para ter cuidado com o caminh\u00e3o verde. A\u00ed, aquilo come\u00e7ou a me irritar. Ningu\u00e9m gosta de roteiro pronto da pr\u00f3pria viagem. Mas a voz dele n\u00e3o era de quem queria mandar \u2014 era de quem queria evitar.<\/p>\n\n\n\n<p>Quando eu fui pagar, o frentista falou: \u201cEle j\u00e1 pagou o seu caf\u00e9.\u201d <\/p>\n\n\n\n<p>Olhei pro lado \u2014 o estranho estava colocando uma mochila pequena nas costas, como quem vai embora. A\u00ed veio a frase que me fez hesitar: \u201cMe d\u00e1 carona at\u00e9 passar a serra.\u201d<\/p>\n\n\n\n<p>Eu devia ter dito n\u00e3o. Eu sei. S\u00f3 que tinha algo nele\u2026 uma esp\u00e9cie de seriedade sem amea\u00e7a. Ele entrou, sentou, educado, colocou o cinto sem eu pedir. E, por um tempo, ficou s\u00f3 olhando a estrada, como se escutasse o cora\u00e7\u00e3o da rodovia. Dei a partida com ele calado.<\/p>\n\n\n\n<p>A chuva engrossou. O caminh\u00e3o parecia avan\u00e7ar dentro de algod\u00e3o molhado. Em certos pontos, eu n\u00e3o via o fim do cap\u00f4. Foi quando ele come\u00e7ou a falar baixo, como se estivesse narrando o movimento da estrada.&nbsp;<\/p>\n\n\n\n<p>Aumentou o tom da voz e come\u00e7ou a me orientar: <\/p>\n\n\n\n<p>\u201cAgora, encosta um pouco mais \u00e0 esquerda. Tem \u00e1gua acumulada na direita.\u201d<br>\u201cN\u00e3o pisa no freio na curva. Deixa ele segurar.\u201d<br>\u201cDesliga a m\u00fasica. Ouve o motor.\u201d<\/p>\n\n\n\n<p>Eu obedeci sem perceber que obedecia. E ent\u00e3o veio o que ele tinha previsto: um caminh\u00e3o de carroceria verde apareceu no lado, costurando faixa como se o asfalto fosse dele. Ele me fechou. A raiva subiu. Minha m\u00e3o foi pra buzina.<\/p>\n\n\n\n<p>O estranho segurou meu pulso com firmeza, sem viol\u00eancia. \u201cN\u00e3o.\u201d<\/p>\n\n\n\n<p>Eu reduzi. Deixei o verde ir. Dez segundos depois, vi as lanternas dele sumirem com a traseira dando uma rabada feia. Em seguida, um clar\u00e3o e um estrondo de ferragens. Depois um sil\u00eancio que anunciava a estreia de uma trag\u00e9dia. Ele tinha aquaplanado e batido no guarda-corpo da ponte logo adiante \u2014 exatamente no quil\u00f4metro onde o estranho tinha me mandado n\u00e3o arriscar.<\/p>\n\n\n\n<p>Eu parei no acostamento seguro, tremendo. Desci correndo, peguei o celular pra chamar pelo socorro e me aproximei do precip\u00edcio. N\u00e3o ouvi gemido e nem grito de dor.&nbsp;<\/p>\n\n\n\n<p>Quando voltei virei pro banco do carona, ele n\u00e3o estava mais l\u00e1. Nenhum som de porta que abriu e fechou. Nenhum passo. Nenhum som. Uma coisa tinha ficado: no painel, um santinho simples, sem nome de igreja, com uma frase escrita \u00e0 caneta: <strong>\u201cEscuta sempre teu anjo.\u201d<\/strong><\/p>\n\n\n\n<p>Ajudei no que pude. Ambul\u00e2ncia veio. PRF sinalizou. Fiz o que caminhoneiro faz: segura a barra at\u00e9 a poeira baixar.<\/p>\n\n\n\n<p>Segui viagem diferente.<\/p>\n\n\n\n<p>Quando cheguei em casa, ela estranhou meu sil\u00eancio. Eu abracei as crian\u00e7as, beijei a testa delas, uma por uma, e disse: \u201cHoje eu tive carona de anjo.\u201d<\/p>\n\n\n\n<p>O mais velho riu e disse: \u201cL\u00e1 vem o pai com hist\u00f3rias. Anjo voa, anjo n\u00e3o anda na boleia de caminh\u00e3o\u201d.&nbsp;<\/p>\n\n\n\n<p>Eu n\u00e3o corrigi.&nbsp;<\/p>\n\n\n\n<p>Mas naquele dia eu fiz uma promessa \u2014 promessa de homem que j\u00e1 viu o farol da morte acender perto demais. Quando eu largar a vida na estrada vou voltar para a profiss\u00e3o que era do meu av\u00f4: pintar igreja pequena de cidade esquecida. Vou subir em andaime simples, pincel na m\u00e3o, retocar asa de anjo descascada pelo tempo. Vou ajeitar coroas de anjinhos gastas e pintar altar desbotado com dourado brilhante. Dar cor nova pra santo apagado, porque algu\u00e9m, l\u00e1 em cima, mandou um carona segurar minha m\u00e3o na estrada da serra.\u00a0<\/p>\n\n\n\n<p>Eu poderia ter ficado naquela curva. Mas Deus decidiu que eu ainda tinha estrada pela frente.<\/p>\n\n\n\n<p style=\"font-size:21px\"><strong>Confira: <a href=\"https:\/\/ocaminhoneirolegal.com.br\/index.php\/2026\/02\/06\/o-deposito-fantasma\/\">O dep\u00f3sito fantasma<\/a><\/strong><\/p>\n\n\n\n<p><\/p>\n","protected":false},"excerpt":{"rendered":"<p>Eu conheci o estranho num posto de parada que eu jurava que j\u00e1 tinha visto antes \u2014 mas n\u00e3o lembrava de existir exatamente naquele lugar. <\/p>\n","protected":false},"author":10,"featured_media":6126,"comment_status":"closed","ping_status":"closed","sticky":false,"template":"","format":"standard","meta":{"_acf_changed":false,"footnotes":""},"categories":[394,32,33],"tags":[1364,316,128,315,1363,453,1365,1165,197],"class_list":["post-6121","post","type-post","status-publish","format-standard","has-post-thumbnail","hentry","category-acidente","category-diversao","category-noticias","tag-anjosdaguarda","tag-caminhoneiro-2","tag-caminhoneirolegal-2","tag-caminhoneirosdobrasil","tag-cronicasdaestrada","tag-deusnocomando","tag-estradanaserra","tag-misteriosdaestrada","tag-vidanaestrada"],"acf":[],"yoast_head":"<!-- This site is optimized with the Yoast SEO plugin v26.1.1 - https:\/\/yoast.com\/wordpress\/plugins\/seo\/ -->\n<title>O carona do posto sem nome - O portal de not\u00edcias do Caminhoneiro<\/title>\n<meta name=\"description\" content=\"Eu conheci o estranho num posto de parada que eu jurava que j\u00e1 tinha visto antes \u2014 mas n\u00e3o lembrava de existir exatamente naquele lugar.\" \/>\n<meta name=\"robots\" content=\"index, follow, max-snippet:-1, max-image-preview:large, max-video-preview:-1\" \/>\n<link rel=\"canonical\" href=\"https:\/\/ocaminhoneirolegal.com.br\/index.php\/2026\/02\/20\/o-carona-do-posto-sem-nome\/\" \/>\n<meta property=\"og:locale\" content=\"pt_BR\" \/>\n<meta property=\"og:type\" content=\"article\" \/>\n<meta property=\"og:title\" content=\"O carona do posto sem nome - O portal de not\u00edcias do Caminhoneiro\" \/>\n<meta property=\"og:description\" content=\"Eu conheci o estranho num posto de parada que eu jurava que j\u00e1 tinha visto antes \u2014 mas n\u00e3o lembrava de existir exatamente naquele lugar.\" \/>\n<meta property=\"og:url\" content=\"https:\/\/ocaminhoneirolegal.com.br\/index.php\/2026\/02\/20\/o-carona-do-posto-sem-nome\/\" \/>\n<meta property=\"og:site_name\" content=\"O portal de not\u00edcias do Caminhoneiro\" \/>\n<meta property=\"article:publisher\" content=\"https:\/\/web.facebook.com\/caminhoneirolegal2.0\/?_rdc=1&amp;_rdr#\" \/>\n<meta property=\"article:published_time\" content=\"2026-02-20T20:09:00+00:00\" \/>\n<meta property=\"article:modified_time\" content=\"2026-02-22T23:03:50+00:00\" \/>\n<meta property=\"og:image\" content=\"https:\/\/ocaminhoneirolegal.com.br\/wp-content\/uploads\/2026\/02\/Capa-carona-1.png\" \/>\n\t<meta property=\"og:image:width\" content=\"1024\" \/>\n\t<meta property=\"og:image:height\" content=\"808\" \/>\n\t<meta property=\"og:image:type\" content=\"image\/png\" \/>\n<meta name=\"author\" content=\"ARLINDO ARMANDO\" \/>\n<meta name=\"twitter:card\" content=\"summary_large_image\" \/>\n<meta name=\"twitter:label1\" content=\"Escrito por\" \/>\n\t<meta name=\"twitter:data1\" content=\"ARLINDO ARMANDO\" \/>\n\t<meta name=\"twitter:label2\" content=\"Est. tempo de leitura\" \/>\n\t<meta name=\"twitter:data2\" content=\"5 minutos\" \/>\n<script type=\"application\/ld+json\" class=\"yoast-schema-graph\">{\"@context\":\"https:\/\/schema.org\",\"@graph\":[{\"@type\":\"Article\",\"@id\":\"https:\/\/ocaminhoneirolegal.com.br\/index.php\/2026\/02\/20\/o-carona-do-posto-sem-nome\/#article\",\"isPartOf\":{\"@id\":\"https:\/\/ocaminhoneirolegal.com.br\/index.php\/2026\/02\/20\/o-carona-do-posto-sem-nome\/\"},\"author\":{\"name\":\"ARLINDO ARMANDO\",\"@id\":\"https:\/\/ocaminhoneirolegal.com.br\/#\/schema\/person\/e999ec4328655ef58f13740e28173a06\"},\"headline\":\"O carona do posto sem nome\",\"datePublished\":\"2026-02-20T20:09:00+00:00\",\"dateModified\":\"2026-02-22T23:03:50+00:00\",\"mainEntityOfPage\":{\"@id\":\"https:\/\/ocaminhoneirolegal.com.br\/index.php\/2026\/02\/20\/o-carona-do-posto-sem-nome\/\"},\"wordCount\":925,\"publisher\":{\"@id\":\"https:\/\/ocaminhoneirolegal.com.br\/#organization\"},\"image\":{\"@id\":\"https:\/\/ocaminhoneirolegal.com.br\/index.php\/2026\/02\/20\/o-carona-do-posto-sem-nome\/#primaryimage\"},\"thumbnailUrl\":\"https:\/\/ocaminhoneirolegal.com.br\/wp-content\/uploads\/2026\/02\/Capa-carona-1.png\",\"keywords\":[\"#AnjosdaGuarda\",\"#caminhoneiro\",\"#CaminhoneiroLegal\",\"#CaminhoneirosDoBrasil\",\"#Cr\u00f4nicasdaEstrada\",\"#DeusNoComando\",\"#EstradanaSerra\",\"#Mist\u00e9riosDaEstrada\",\"#VidaNaEstrada\"],\"articleSection\":[\"Acidente\",\"Divers\u00e3o\",\"Not\u00edcias\"],\"inLanguage\":\"pt-BR\"},{\"@type\":\"WebPage\",\"@id\":\"https:\/\/ocaminhoneirolegal.com.br\/index.php\/2026\/02\/20\/o-carona-do-posto-sem-nome\/\",\"url\":\"https:\/\/ocaminhoneirolegal.com.br\/index.php\/2026\/02\/20\/o-carona-do-posto-sem-nome\/\",\"name\":\"O carona do posto sem nome - O portal de not\u00edcias do Caminhoneiro\",\"isPartOf\":{\"@id\":\"https:\/\/ocaminhoneirolegal.com.br\/#website\"},\"primaryImageOfPage\":{\"@id\":\"https:\/\/ocaminhoneirolegal.com.br\/index.php\/2026\/02\/20\/o-carona-do-posto-sem-nome\/#primaryimage\"},\"image\":{\"@id\":\"https:\/\/ocaminhoneirolegal.com.br\/index.php\/2026\/02\/20\/o-carona-do-posto-sem-nome\/#primaryimage\"},\"thumbnailUrl\":\"https:\/\/ocaminhoneirolegal.com.br\/wp-content\/uploads\/2026\/02\/Capa-carona-1.png\",\"datePublished\":\"2026-02-20T20:09:00+00:00\",\"dateModified\":\"2026-02-22T23:03:50+00:00\",\"description\":\"Eu conheci o estranho num posto de parada que eu jurava que j\u00e1 tinha visto antes \u2014 mas n\u00e3o lembrava de existir exatamente naquele lugar.\",\"breadcrumb\":{\"@id\":\"https:\/\/ocaminhoneirolegal.com.br\/index.php\/2026\/02\/20\/o-carona-do-posto-sem-nome\/#breadcrumb\"},\"inLanguage\":\"pt-BR\",\"potentialAction\":[{\"@type\":\"ReadAction\",\"target\":[\"https:\/\/ocaminhoneirolegal.com.br\/index.php\/2026\/02\/20\/o-carona-do-posto-sem-nome\/\"]}]},{\"@type\":\"ImageObject\",\"inLanguage\":\"pt-BR\",\"@id\":\"https:\/\/ocaminhoneirolegal.com.br\/index.php\/2026\/02\/20\/o-carona-do-posto-sem-nome\/#primaryimage\",\"url\":\"https:\/\/ocaminhoneirolegal.com.br\/wp-content\/uploads\/2026\/02\/Capa-carona-1.png\",\"contentUrl\":\"https:\/\/ocaminhoneirolegal.com.br\/wp-content\/uploads\/2026\/02\/Capa-carona-1.png\",\"width\":1024,\"height\":808,\"caption\":\"Caminh\u00e3o parado em estrada sob chuva intensa \u00e0 noite, ao lado de um pequeno posto iluminado, com um homem em p\u00e9 sob a varanda.\"},{\"@type\":\"BreadcrumbList\",\"@id\":\"https:\/\/ocaminhoneirolegal.com.br\/index.php\/2026\/02\/20\/o-carona-do-posto-sem-nome\/#breadcrumb\",\"itemListElement\":[{\"@type\":\"ListItem\",\"position\":1,\"name\":\"Home\",\"item\":\"https:\/\/ocaminhoneirolegal.com.br\/\"},{\"@type\":\"ListItem\",\"position\":2,\"name\":\"O carona do posto sem nome\"}]},{\"@type\":\"WebSite\",\"@id\":\"https:\/\/ocaminhoneirolegal.com.br\/#website\",\"url\":\"https:\/\/ocaminhoneirolegal.com.br\/\",\"name\":\"O Caminhoneiro Legal\",\"description\":\"A economia gira porque o caminh\u00e3o roda\",\"publisher\":{\"@id\":\"https:\/\/ocaminhoneirolegal.com.br\/#organization\"},\"potentialAction\":[{\"@type\":\"SearchAction\",\"target\":{\"@type\":\"EntryPoint\",\"urlTemplate\":\"https:\/\/ocaminhoneirolegal.com.br\/?s={search_term_string}\"},\"query-input\":{\"@type\":\"PropertyValueSpecification\",\"valueRequired\":true,\"valueName\":\"search_term_string\"}}],\"inLanguage\":\"pt-BR\"},{\"@type\":\"Organization\",\"@id\":\"https:\/\/ocaminhoneirolegal.com.br\/#organization\",\"name\":\"O Caminhoneiro Legal\",\"url\":\"https:\/\/ocaminhoneirolegal.com.br\/\",\"logo\":{\"@type\":\"ImageObject\",\"inLanguage\":\"pt-BR\",\"@id\":\"https:\/\/ocaminhoneirolegal.com.br\/#\/schema\/logo\/image\/\",\"url\":\"https:\/\/ocaminhoneirolegal.com.br\/wp-content\/uploads\/2025\/04\/logo-marrom.png\",\"contentUrl\":\"https:\/\/ocaminhoneirolegal.com.br\/wp-content\/uploads\/2025\/04\/logo-marrom.png\",\"width\":288,\"height\":273,\"caption\":\"O Caminhoneiro Legal\"},\"image\":{\"@id\":\"https:\/\/ocaminhoneirolegal.com.br\/#\/schema\/logo\/image\/\"},\"sameAs\":[\"https:\/\/web.facebook.com\/caminhoneirolegal2.0\/?_rdc=1&_rdr#\",\"https:\/\/www.instagram.com\/caminhoneirolegal2.0\/\",\"https:\/\/www.tiktok.com\/@caminhoneirolegal2.0\",\"https:\/\/www.youtube.com\/@caminhoneirolegal2.0\"]},{\"@type\":\"Person\",\"@id\":\"https:\/\/ocaminhoneirolegal.com.br\/#\/schema\/person\/e999ec4328655ef58f13740e28173a06\",\"name\":\"ARLINDO ARMANDO\",\"image\":{\"@type\":\"ImageObject\",\"inLanguage\":\"pt-BR\",\"@id\":\"https:\/\/ocaminhoneirolegal.com.br\/#\/schema\/person\/image\/\",\"url\":\"https:\/\/secure.gravatar.com\/avatar\/60ccf0fb1a848694babb072f02ece023ed319f2a858d0246034926489fc25493?s=96&d=mm&r=g\",\"contentUrl\":\"https:\/\/secure.gravatar.com\/avatar\/60ccf0fb1a848694babb072f02ece023ed319f2a858d0246034926489fc25493?s=96&d=mm&r=g\",\"caption\":\"ARLINDO ARMANDO\"},\"url\":\"https:\/\/ocaminhoneirolegal.com.br\/index.php\/author\/arlindo-armando\/\"}]}<\/script>\n<!-- \/ Yoast SEO plugin. -->","yoast_head_json":{"title":"O carona do posto sem nome - O portal de not\u00edcias do Caminhoneiro","description":"Eu conheci o estranho num posto de parada que eu jurava que j\u00e1 tinha visto antes \u2014 mas n\u00e3o lembrava de existir exatamente naquele lugar.","robots":{"index":"index","follow":"follow","max-snippet":"max-snippet:-1","max-image-preview":"max-image-preview:large","max-video-preview":"max-video-preview:-1"},"canonical":"https:\/\/ocaminhoneirolegal.com.br\/index.php\/2026\/02\/20\/o-carona-do-posto-sem-nome\/","og_locale":"pt_BR","og_type":"article","og_title":"O carona do posto sem nome - O portal de not\u00edcias do Caminhoneiro","og_description":"Eu conheci o estranho num posto de parada que eu jurava que j\u00e1 tinha visto antes \u2014 mas n\u00e3o lembrava de existir exatamente naquele lugar.","og_url":"https:\/\/ocaminhoneirolegal.com.br\/index.php\/2026\/02\/20\/o-carona-do-posto-sem-nome\/","og_site_name":"O portal de not\u00edcias do Caminhoneiro","article_publisher":"https:\/\/web.facebook.com\/caminhoneirolegal2.0\/?_rdc=1&_rdr#","article_published_time":"2026-02-20T20:09:00+00:00","article_modified_time":"2026-02-22T23:03:50+00:00","og_image":[{"width":1024,"height":808,"url":"https:\/\/ocaminhoneirolegal.com.br\/wp-content\/uploads\/2026\/02\/Capa-carona-1.png","type":"image\/png"}],"author":"ARLINDO ARMANDO","twitter_card":"summary_large_image","twitter_misc":{"Escrito por":"ARLINDO ARMANDO","Est. tempo de leitura":"5 minutos"},"schema":{"@context":"https:\/\/schema.org","@graph":[{"@type":"Article","@id":"https:\/\/ocaminhoneirolegal.com.br\/index.php\/2026\/02\/20\/o-carona-do-posto-sem-nome\/#article","isPartOf":{"@id":"https:\/\/ocaminhoneirolegal.com.br\/index.php\/2026\/02\/20\/o-carona-do-posto-sem-nome\/"},"author":{"name":"ARLINDO ARMANDO","@id":"https:\/\/ocaminhoneirolegal.com.br\/#\/schema\/person\/e999ec4328655ef58f13740e28173a06"},"headline":"O carona do posto sem nome","datePublished":"2026-02-20T20:09:00+00:00","dateModified":"2026-02-22T23:03:50+00:00","mainEntityOfPage":{"@id":"https:\/\/ocaminhoneirolegal.com.br\/index.php\/2026\/02\/20\/o-carona-do-posto-sem-nome\/"},"wordCount":925,"publisher":{"@id":"https:\/\/ocaminhoneirolegal.com.br\/#organization"},"image":{"@id":"https:\/\/ocaminhoneirolegal.com.br\/index.php\/2026\/02\/20\/o-carona-do-posto-sem-nome\/#primaryimage"},"thumbnailUrl":"https:\/\/ocaminhoneirolegal.com.br\/wp-content\/uploads\/2026\/02\/Capa-carona-1.png","keywords":["#AnjosdaGuarda","#caminhoneiro","#CaminhoneiroLegal","#CaminhoneirosDoBrasil","#Cr\u00f4nicasdaEstrada","#DeusNoComando","#EstradanaSerra","#Mist\u00e9riosDaEstrada","#VidaNaEstrada"],"articleSection":["Acidente","Divers\u00e3o","Not\u00edcias"],"inLanguage":"pt-BR"},{"@type":"WebPage","@id":"https:\/\/ocaminhoneirolegal.com.br\/index.php\/2026\/02\/20\/o-carona-do-posto-sem-nome\/","url":"https:\/\/ocaminhoneirolegal.com.br\/index.php\/2026\/02\/20\/o-carona-do-posto-sem-nome\/","name":"O carona do posto sem nome - O portal de not\u00edcias do Caminhoneiro","isPartOf":{"@id":"https:\/\/ocaminhoneirolegal.com.br\/#website"},"primaryImageOfPage":{"@id":"https:\/\/ocaminhoneirolegal.com.br\/index.php\/2026\/02\/20\/o-carona-do-posto-sem-nome\/#primaryimage"},"image":{"@id":"https:\/\/ocaminhoneirolegal.com.br\/index.php\/2026\/02\/20\/o-carona-do-posto-sem-nome\/#primaryimage"},"thumbnailUrl":"https:\/\/ocaminhoneirolegal.com.br\/wp-content\/uploads\/2026\/02\/Capa-carona-1.png","datePublished":"2026-02-20T20:09:00+00:00","dateModified":"2026-02-22T23:03:50+00:00","description":"Eu conheci o estranho num posto de parada que eu jurava que j\u00e1 tinha visto antes \u2014 mas n\u00e3o lembrava de existir exatamente naquele lugar.","breadcrumb":{"@id":"https:\/\/ocaminhoneirolegal.com.br\/index.php\/2026\/02\/20\/o-carona-do-posto-sem-nome\/#breadcrumb"},"inLanguage":"pt-BR","potentialAction":[{"@type":"ReadAction","target":["https:\/\/ocaminhoneirolegal.com.br\/index.php\/2026\/02\/20\/o-carona-do-posto-sem-nome\/"]}]},{"@type":"ImageObject","inLanguage":"pt-BR","@id":"https:\/\/ocaminhoneirolegal.com.br\/index.php\/2026\/02\/20\/o-carona-do-posto-sem-nome\/#primaryimage","url":"https:\/\/ocaminhoneirolegal.com.br\/wp-content\/uploads\/2026\/02\/Capa-carona-1.png","contentUrl":"https:\/\/ocaminhoneirolegal.com.br\/wp-content\/uploads\/2026\/02\/Capa-carona-1.png","width":1024,"height":808,"caption":"Caminh\u00e3o parado em estrada sob chuva intensa \u00e0 noite, ao lado de um pequeno posto iluminado, com um homem em p\u00e9 sob a varanda."},{"@type":"BreadcrumbList","@id":"https:\/\/ocaminhoneirolegal.com.br\/index.php\/2026\/02\/20\/o-carona-do-posto-sem-nome\/#breadcrumb","itemListElement":[{"@type":"ListItem","position":1,"name":"Home","item":"https:\/\/ocaminhoneirolegal.com.br\/"},{"@type":"ListItem","position":2,"name":"O carona do posto sem nome"}]},{"@type":"WebSite","@id":"https:\/\/ocaminhoneirolegal.com.br\/#website","url":"https:\/\/ocaminhoneirolegal.com.br\/","name":"O Caminhoneiro Legal","description":"A economia gira porque o caminh\u00e3o roda","publisher":{"@id":"https:\/\/ocaminhoneirolegal.com.br\/#organization"},"potentialAction":[{"@type":"SearchAction","target":{"@type":"EntryPoint","urlTemplate":"https:\/\/ocaminhoneirolegal.com.br\/?s={search_term_string}"},"query-input":{"@type":"PropertyValueSpecification","valueRequired":true,"valueName":"search_term_string"}}],"inLanguage":"pt-BR"},{"@type":"Organization","@id":"https:\/\/ocaminhoneirolegal.com.br\/#organization","name":"O Caminhoneiro Legal","url":"https:\/\/ocaminhoneirolegal.com.br\/","logo":{"@type":"ImageObject","inLanguage":"pt-BR","@id":"https:\/\/ocaminhoneirolegal.com.br\/#\/schema\/logo\/image\/","url":"https:\/\/ocaminhoneirolegal.com.br\/wp-content\/uploads\/2025\/04\/logo-marrom.png","contentUrl":"https:\/\/ocaminhoneirolegal.com.br\/wp-content\/uploads\/2025\/04\/logo-marrom.png","width":288,"height":273,"caption":"O Caminhoneiro Legal"},"image":{"@id":"https:\/\/ocaminhoneirolegal.com.br\/#\/schema\/logo\/image\/"},"sameAs":["https:\/\/web.facebook.com\/caminhoneirolegal2.0\/?_rdc=1&_rdr#","https:\/\/www.instagram.com\/caminhoneirolegal2.0\/","https:\/\/www.tiktok.com\/@caminhoneirolegal2.0","https:\/\/www.youtube.com\/@caminhoneirolegal2.0"]},{"@type":"Person","@id":"https:\/\/ocaminhoneirolegal.com.br\/#\/schema\/person\/e999ec4328655ef58f13740e28173a06","name":"ARLINDO ARMANDO","image":{"@type":"ImageObject","inLanguage":"pt-BR","@id":"https:\/\/ocaminhoneirolegal.com.br\/#\/schema\/person\/image\/","url":"https:\/\/secure.gravatar.com\/avatar\/60ccf0fb1a848694babb072f02ece023ed319f2a858d0246034926489fc25493?s=96&d=mm&r=g","contentUrl":"https:\/\/secure.gravatar.com\/avatar\/60ccf0fb1a848694babb072f02ece023ed319f2a858d0246034926489fc25493?s=96&d=mm&r=g","caption":"ARLINDO ARMANDO"},"url":"https:\/\/ocaminhoneirolegal.com.br\/index.php\/author\/arlindo-armando\/"}]}},"_links":{"self":[{"href":"https:\/\/ocaminhoneirolegal.com.br\/index.php\/wp-json\/wp\/v2\/posts\/6121","targetHints":{"allow":["GET"]}}],"collection":[{"href":"https:\/\/ocaminhoneirolegal.com.br\/index.php\/wp-json\/wp\/v2\/posts"}],"about":[{"href":"https:\/\/ocaminhoneirolegal.com.br\/index.php\/wp-json\/wp\/v2\/types\/post"}],"author":[{"embeddable":true,"href":"https:\/\/ocaminhoneirolegal.com.br\/index.php\/wp-json\/wp\/v2\/users\/10"}],"replies":[{"embeddable":true,"href":"https:\/\/ocaminhoneirolegal.com.br\/index.php\/wp-json\/wp\/v2\/comments?post=6121"}],"version-history":[{"count":4,"href":"https:\/\/ocaminhoneirolegal.com.br\/index.php\/wp-json\/wp\/v2\/posts\/6121\/revisions"}],"predecessor-version":[{"id":6175,"href":"https:\/\/ocaminhoneirolegal.com.br\/index.php\/wp-json\/wp\/v2\/posts\/6121\/revisions\/6175"}],"wp:featuredmedia":[{"embeddable":true,"href":"https:\/\/ocaminhoneirolegal.com.br\/index.php\/wp-json\/wp\/v2\/media\/6126"}],"wp:attachment":[{"href":"https:\/\/ocaminhoneirolegal.com.br\/index.php\/wp-json\/wp\/v2\/media?parent=6121"}],"wp:term":[{"taxonomy":"category","embeddable":true,"href":"https:\/\/ocaminhoneirolegal.com.br\/index.php\/wp-json\/wp\/v2\/categories?post=6121"},{"taxonomy":"post_tag","embeddable":true,"href":"https:\/\/ocaminhoneirolegal.com.br\/index.php\/wp-json\/wp\/v2\/tags?post=6121"}],"curies":[{"name":"wp","href":"https:\/\/api.w.org\/{rel}","templated":true}]}}