{"id":8559,"date":"2026-04-19T10:29:00","date_gmt":"2026-04-19T13:29:00","guid":{"rendered":"https:\/\/ocaminhoneirolegal.com.br\/?p=8559"},"modified":"2026-04-19T13:00:15","modified_gmt":"2026-04-19T16:00:15","slug":"beleza-faz-crescer-pedido-de-fretes-por-empresa-s-pequenas","status":"publish","type":"post","link":"https:\/\/ocaminhoneirolegal.com.br\/index.php\/2026\/04\/19\/beleza-faz-crescer-pedido-de-fretes-por-empresa-s-pequenas\/","title":{"rendered":"Beleza faz crescer pedido de fretes por empresas pequenas"},"content":{"rendered":"\n<p><strong>Resumo<\/strong><\/p>\n\n\n\n<ul class=\"wp-block-list\">\n<li>Demanda de frete contratado por pequenas e m\u00e9dias empresas cresceu 50% entre 2021 e 2025.<\/li>\n\n\n\n<li>Eixo SP-Rio-Minas \u00e9 o mais movimentado.<\/li>\n\n\n\n<li>Itens de moda e beleza s\u00e3o os mais transportados.<\/li>\n<\/ul>\n\n\n\n<div style=\"height:30px\" aria-hidden=\"true\" class=\"wp-block-spacer\"><\/div>\n\n\n\n<p><strong>A demanda por fretes de pequenos e m\u00e9dios lojistas<\/strong> cresceu 50% entre 2021 e 2025, puxada pelas compras de itens de moda e beleza, segundo o estudo\u00a0<a href=\"https:\/\/melhorenvio.com.br\/blog\/wp-content\/uploads\/2026\/03\/ME-Envia-2026.pdf\" target=\"_blank\" rel=\"noreferrer noopener\">ME Envia 2026<\/a>, da plataforma de solu\u00e7\u00f5es log\u00edsticas Melhor Envio. Em todo Brasil, mais de tr\u00eas mil mercadorias s\u00e3o enviadas por hora pelas PMEs.<\/p>\n\n\n\n<h2 class=\"wp-block-heading\">Eixo S\u00e3o Paulo \u2013 Rio de Janeiro \u2013 Minas Gerais \u00e9 o mais movimentado<\/h2>\n\n\n\n<p>A demanda pelo envio de produtos est\u00e1 concentrada no eixo S\u00e3o Paulo \u2013 Rio de Janeiro \u2013 Minas Gerais, l\u00edderes de consumo. Essa opera\u00e7\u00e3o \u00e9 sustentada por uma cadeia log\u00edstica que envolve transportadoras, galp\u00f5es e entregadores, al\u00e9m de empresas como o Melhor Envio, que intermedeia solu\u00e7\u00f5es de transporte por meio de Correios, transportadoras e servi\u00e7os a\u00e9reos integrados.<\/p>\n\n\n\n<p>A estrutura atende lojas virtuais, vendas por canais digitais como Instagram e TikTok Shop, e\u00a0marketplaces\u00a0que permitem aos vendedores assumirem a responsabilidade pela entrega dos produtos.<\/p>\n\n\n\n<p><\/p>\n","protected":false},"excerpt":{"rendered":"<p>Puxado por itens de moda e beleza, envio de produtos de pequenas e m\u00e9dias empresas cresceu 50% desde 2021. Eixo Rio-SP-MG \u00e9 o mais movimentado.<\/p>\n","protected":false},"author":9,"featured_media":8703,"comment_status":"closed","ping_status":"closed","sticky":false,"template":"","format":"standard","meta":{"_acf_changed":false,"footnotes":""},"categories":[493,33],"tags":[316,128,315,453,1480,390,323,197],"class_list":["post-8559","post","type-post","status-publish","format-standard","has-post-thumbnail","hentry","category-frete","category-noticias","tag-caminhoneiro-2","tag-caminhoneirolegal-2","tag-caminhoneirosdobrasil","tag-deusnocomando","tag-freteseguro","tag-segurancanasestradas-3","tag-transporterodoviario","tag-vidanaestrada"],"acf":[],"yoast_head":"<!-- This site is optimized with the Yoast SEO plugin v26.1.1 - https:\/\/yoast.com\/wordpress\/plugins\/seo\/ -->\n<title>Beleza faz crescer pedido de fretes por empresas pequenas - O portal de not\u00edcias do Caminhoneiro<\/title>\n<meta name=\"description\" content=\"Puxado por itens de moda e beleza, envio de mercadorias vendidas por pequenas e m\u00e9dias empresas cresceu 50% desde 2021. Eixo Rio-SP \u00e9 o mais movimentado.\" \/>\n<meta name=\"robots\" content=\"index, follow, max-snippet:-1, max-image-preview:large, max-video-preview:-1\" \/>\n<link rel=\"canonical\" href=\"https:\/\/ocaminhoneirolegal.com.br\/index.php\/2026\/04\/19\/beleza-faz-crescer-pedido-de-fretes-por-empresa-s-pequenas\/\" \/>\n<meta property=\"og:locale\" content=\"pt_BR\" \/>\n<meta property=\"og:type\" content=\"article\" \/>\n<meta property=\"og:title\" content=\"Beleza faz crescer pedido de fretes por empresas pequenas - O portal de not\u00edcias do Caminhoneiro\" \/>\n<meta property=\"og:description\" content=\"Puxado por itens de moda e beleza, envio de mercadorias vendidas por pequenas e m\u00e9dias empresas cresceu 50% desde 2021. Eixo Rio-SP \u00e9 o mais movimentado.\" \/>\n<meta property=\"og:url\" content=\"https:\/\/ocaminhoneirolegal.com.br\/index.php\/2026\/04\/19\/beleza-faz-crescer-pedido-de-fretes-por-empresa-s-pequenas\/\" \/>\n<meta property=\"og:site_name\" content=\"O portal de not\u00edcias do Caminhoneiro\" \/>\n<meta property=\"article:publisher\" content=\"https:\/\/web.facebook.com\/caminhoneirolegal2.0\/?_rdc=1&amp;_rdr#\" \/>\n<meta property=\"article:published_time\" content=\"2026-04-19T13:29:00+00:00\" \/>\n<meta property=\"article:modified_time\" content=\"2026-04-19T16:00:15+00:00\" \/>\n<meta property=\"og:image\" content=\"https:\/\/ocaminhoneirolegal.com.br\/wp-content\/uploads\/2026\/04\/the-courier-gives-the-parcel-to-the-client-near-th-2026-01-09-07-19-53-utc-1-1-scaled.jpg\" \/>\n\t<meta property=\"og:image:width\" content=\"2560\" \/>\n\t<meta property=\"og:image:height\" content=\"1707\" \/>\n\t<meta property=\"og:image:type\" content=\"image\/jpeg\" \/>\n<meta name=\"author\" content=\"Reda\u00e7\u00e3o\" \/>\n<meta name=\"twitter:card\" content=\"summary_large_image\" \/>\n<meta name=\"twitter:label1\" content=\"Escrito por\" \/>\n\t<meta name=\"twitter:data1\" content=\"Reda\u00e7\u00e3o\" \/>\n\t<meta name=\"twitter:label2\" content=\"Est. tempo de leitura\" \/>\n\t<meta name=\"twitter:data2\" content=\"2 minutos\" \/>\n<script type=\"application\/ld+json\" class=\"yoast-schema-graph\">{\"@context\":\"https:\/\/schema.org\",\"@graph\":[{\"@type\":\"Article\",\"@id\":\"https:\/\/ocaminhoneirolegal.com.br\/index.php\/2026\/04\/19\/beleza-faz-crescer-pedido-de-fretes-por-empresa-s-pequenas\/#article\",\"isPartOf\":{\"@id\":\"https:\/\/ocaminhoneirolegal.com.br\/index.php\/2026\/04\/19\/beleza-faz-crescer-pedido-de-fretes-por-empresa-s-pequenas\/\"},\"author\":{\"name\":\"Reda\u00e7\u00e3o\",\"@id\":\"https:\/\/ocaminhoneirolegal.com.br\/#\/schema\/person\/dd025fed50eb5c508f38b95b9593fee1\"},\"headline\":\"Beleza faz crescer pedido de fretes por empresas pequenas\",\"datePublished\":\"2026-04-19T13:29:00+00:00\",\"dateModified\":\"2026-04-19T16:00:15+00:00\",\"mainEntityOfPage\":{\"@id\":\"https:\/\/ocaminhoneirolegal.com.br\/index.php\/2026\/04\/19\/beleza-faz-crescer-pedido-de-fretes-por-empresa-s-pequenas\/\"},\"wordCount\":192,\"publisher\":{\"@id\":\"https:\/\/ocaminhoneirolegal.com.br\/#organization\"},\"image\":{\"@id\":\"https:\/\/ocaminhoneirolegal.com.br\/index.php\/2026\/04\/19\/beleza-faz-crescer-pedido-de-fretes-por-empresa-s-pequenas\/#primaryimage\"},\"thumbnailUrl\":\"https:\/\/ocaminhoneirolegal.com.br\/wp-content\/uploads\/2026\/04\/the-courier-gives-the-parcel-to-the-client-near-th-2026-01-09-07-19-53-utc-1-1-scaled.jpg\",\"keywords\":[\"#caminhoneiro\",\"#CaminhoneiroLegal\",\"#CaminhoneirosDoBrasil\",\"#DeusNoComando\",\"#freteseguro\",\"#Seguran\u00e7aNasEstradas\",\"#transporterodovi\u00e1rio\",\"#VidaNaEstrada\"],\"articleSection\":[\"Frete\",\"Not\u00edcias\"],\"inLanguage\":\"pt-BR\"},{\"@type\":\"WebPage\",\"@id\":\"https:\/\/ocaminhoneirolegal.com.br\/index.php\/2026\/04\/19\/beleza-faz-crescer-pedido-de-fretes-por-empresa-s-pequenas\/\",\"url\":\"https:\/\/ocaminhoneirolegal.com.br\/index.php\/2026\/04\/19\/beleza-faz-crescer-pedido-de-fretes-por-empresa-s-pequenas\/\",\"name\":\"Beleza faz crescer pedido de fretes por empresas pequenas - O portal de not\u00edcias do Caminhoneiro\",\"isPartOf\":{\"@id\":\"https:\/\/ocaminhoneirolegal.com.br\/#website\"},\"primaryImageOfPage\":{\"@id\":\"https:\/\/ocaminhoneirolegal.com.br\/index.php\/2026\/04\/19\/beleza-faz-crescer-pedido-de-fretes-por-empresa-s-pequenas\/#primaryimage\"},\"image\":{\"@id\":\"https:\/\/ocaminhoneirolegal.com.br\/index.php\/2026\/04\/19\/beleza-faz-crescer-pedido-de-fretes-por-empresa-s-pequenas\/#primaryimage\"},\"thumbnailUrl\":\"https:\/\/ocaminhoneirolegal.com.br\/wp-content\/uploads\/2026\/04\/the-courier-gives-the-parcel-to-the-client-near-th-2026-01-09-07-19-53-utc-1-1-scaled.jpg\",\"datePublished\":\"2026-04-19T13:29:00+00:00\",\"dateModified\":\"2026-04-19T16:00:15+00:00\",\"description\":\"Puxado por itens de moda e beleza, envio de mercadorias vendidas por pequenas e m\u00e9dias empresas cresceu 50% desde 2021. Eixo Rio-SP \u00e9 o mais movimentado.\",\"breadcrumb\":{\"@id\":\"https:\/\/ocaminhoneirolegal.com.br\/index.php\/2026\/04\/19\/beleza-faz-crescer-pedido-de-fretes-por-empresa-s-pequenas\/#breadcrumb\"},\"inLanguage\":\"pt-BR\",\"potentialAction\":[{\"@type\":\"ReadAction\",\"target\":[\"https:\/\/ocaminhoneirolegal.com.br\/index.php\/2026\/04\/19\/beleza-faz-crescer-pedido-de-fretes-por-empresa-s-pequenas\/\"]}]},{\"@type\":\"ImageObject\",\"inLanguage\":\"pt-BR\",\"@id\":\"https:\/\/ocaminhoneirolegal.com.br\/index.php\/2026\/04\/19\/beleza-faz-crescer-pedido-de-fretes-por-empresa-s-pequenas\/#primaryimage\",\"url\":\"https:\/\/ocaminhoneirolegal.com.br\/wp-content\/uploads\/2026\/04\/the-courier-gives-the-parcel-to-the-client-near-th-2026-01-09-07-19-53-utc-1-1-scaled.jpg\",\"contentUrl\":\"https:\/\/ocaminhoneirolegal.com.br\/wp-content\/uploads\/2026\/04\/the-courier-gives-the-parcel-to-the-client-near-th-2026-01-09-07-19-53-utc-1-1-scaled.jpg\",\"width\":2560,\"height\":1707},{\"@type\":\"BreadcrumbList\",\"@id\":\"https:\/\/ocaminhoneirolegal.com.br\/index.php\/2026\/04\/19\/beleza-faz-crescer-pedido-de-fretes-por-empresa-s-pequenas\/#breadcrumb\",\"itemListElement\":[{\"@type\":\"ListItem\",\"position\":1,\"name\":\"Home\",\"item\":\"https:\/\/ocaminhoneirolegal.com.br\/\"},{\"@type\":\"ListItem\",\"position\":2,\"name\":\"Beleza faz crescer pedido de fretes por empresas pequenas\"}]},{\"@type\":\"WebSite\",\"@id\":\"https:\/\/ocaminhoneirolegal.com.br\/#website\",\"url\":\"https:\/\/ocaminhoneirolegal.com.br\/\",\"name\":\"O Caminhoneiro Legal\",\"description\":\"A economia gira porque o caminh\u00e3o roda\",\"publisher\":{\"@id\":\"https:\/\/ocaminhoneirolegal.com.br\/#organization\"},\"potentialAction\":[{\"@type\":\"SearchAction\",\"target\":{\"@type\":\"EntryPoint\",\"urlTemplate\":\"https:\/\/ocaminhoneirolegal.com.br\/?s={search_term_string}\"},\"query-input\":{\"@type\":\"PropertyValueSpecification\",\"valueRequired\":true,\"valueName\":\"search_term_string\"}}],\"inLanguage\":\"pt-BR\"},{\"@type\":\"Organization\",\"@id\":\"https:\/\/ocaminhoneirolegal.com.br\/#organization\",\"name\":\"O Caminhoneiro Legal\",\"url\":\"https:\/\/ocaminhoneirolegal.com.br\/\",\"logo\":{\"@type\":\"ImageObject\",\"inLanguage\":\"pt-BR\",\"@id\":\"https:\/\/ocaminhoneirolegal.com.br\/#\/schema\/logo\/image\/\",\"url\":\"https:\/\/ocaminhoneirolegal.com.br\/wp-content\/uploads\/2025\/04\/logo-marrom.png\",\"contentUrl\":\"https:\/\/ocaminhoneirolegal.com.br\/wp-content\/uploads\/2025\/04\/logo-marrom.png\",\"width\":288,\"height\":273,\"caption\":\"O Caminhoneiro Legal\"},\"image\":{\"@id\":\"https:\/\/ocaminhoneirolegal.com.br\/#\/schema\/logo\/image\/\"},\"sameAs\":[\"https:\/\/web.facebook.com\/caminhoneirolegal2.0\/?_rdc=1&_rdr#\",\"https:\/\/www.instagram.com\/caminhoneirolegal2.0\/\",\"https:\/\/www.tiktok.com\/@caminhoneirolegal2.0\",\"https:\/\/www.youtube.com\/@caminhoneirolegal2.0\"]},{\"@type\":\"Person\",\"@id\":\"https:\/\/ocaminhoneirolegal.com.br\/#\/schema\/person\/dd025fed50eb5c508f38b95b9593fee1\",\"name\":\"Reda\u00e7\u00e3o\",\"image\":{\"@type\":\"ImageObject\",\"inLanguage\":\"pt-BR\",\"@id\":\"https:\/\/ocaminhoneirolegal.com.br\/#\/schema\/person\/image\/\",\"url\":\"https:\/\/secure.gravatar.com\/avatar\/ae3daaaea55366086224e88ef1080ce1421b58ba7e173d31ba2986363a3664db?s=96&d=mm&r=g\",\"contentUrl\":\"https:\/\/secure.gravatar.com\/avatar\/ae3daaaea55366086224e88ef1080ce1421b58ba7e173d31ba2986363a3664db?s=96&d=mm&r=g\",\"caption\":\"Reda\u00e7\u00e3o\"},\"url\":\"https:\/\/ocaminhoneirolegal.com.br\/index.php\/author\/cristovao-caminhoneiro\/\"}]}<\/script>\n<!-- \/ Yoast SEO plugin. -->","yoast_head_json":{"title":"Beleza faz crescer pedido de fretes por empresas pequenas - O portal de not\u00edcias do Caminhoneiro","description":"Puxado por itens de moda e beleza, envio de mercadorias vendidas por pequenas e m\u00e9dias empresas cresceu 50% desde 2021. Eixo Rio-SP \u00e9 o mais movimentado.","robots":{"index":"index","follow":"follow","max-snippet":"max-snippet:-1","max-image-preview":"max-image-preview:large","max-video-preview":"max-video-preview:-1"},"canonical":"https:\/\/ocaminhoneirolegal.com.br\/index.php\/2026\/04\/19\/beleza-faz-crescer-pedido-de-fretes-por-empresa-s-pequenas\/","og_locale":"pt_BR","og_type":"article","og_title":"Beleza faz crescer pedido de fretes por empresas pequenas - O portal de not\u00edcias do Caminhoneiro","og_description":"Puxado por itens de moda e beleza, envio de mercadorias vendidas por pequenas e m\u00e9dias empresas cresceu 50% desde 2021. Eixo Rio-SP \u00e9 o mais movimentado.","og_url":"https:\/\/ocaminhoneirolegal.com.br\/index.php\/2026\/04\/19\/beleza-faz-crescer-pedido-de-fretes-por-empresa-s-pequenas\/","og_site_name":"O portal de not\u00edcias do Caminhoneiro","article_publisher":"https:\/\/web.facebook.com\/caminhoneirolegal2.0\/?_rdc=1&_rdr#","article_published_time":"2026-04-19T13:29:00+00:00","article_modified_time":"2026-04-19T16:00:15+00:00","og_image":[{"width":2560,"height":1707,"url":"https:\/\/ocaminhoneirolegal.com.br\/wp-content\/uploads\/2026\/04\/the-courier-gives-the-parcel-to-the-client-near-th-2026-01-09-07-19-53-utc-1-1-scaled.jpg","type":"image\/jpeg"}],"author":"Reda\u00e7\u00e3o","twitter_card":"summary_large_image","twitter_misc":{"Escrito por":"Reda\u00e7\u00e3o","Est. tempo de leitura":"2 minutos"},"schema":{"@context":"https:\/\/schema.org","@graph":[{"@type":"Article","@id":"https:\/\/ocaminhoneirolegal.com.br\/index.php\/2026\/04\/19\/beleza-faz-crescer-pedido-de-fretes-por-empresa-s-pequenas\/#article","isPartOf":{"@id":"https:\/\/ocaminhoneirolegal.com.br\/index.php\/2026\/04\/19\/beleza-faz-crescer-pedido-de-fretes-por-empresa-s-pequenas\/"},"author":{"name":"Reda\u00e7\u00e3o","@id":"https:\/\/ocaminhoneirolegal.com.br\/#\/schema\/person\/dd025fed50eb5c508f38b95b9593fee1"},"headline":"Beleza faz crescer pedido de fretes por empresas pequenas","datePublished":"2026-04-19T13:29:00+00:00","dateModified":"2026-04-19T16:00:15+00:00","mainEntityOfPage":{"@id":"https:\/\/ocaminhoneirolegal.com.br\/index.php\/2026\/04\/19\/beleza-faz-crescer-pedido-de-fretes-por-empresa-s-pequenas\/"},"wordCount":192,"publisher":{"@id":"https:\/\/ocaminhoneirolegal.com.br\/#organization"},"image":{"@id":"https:\/\/ocaminhoneirolegal.com.br\/index.php\/2026\/04\/19\/beleza-faz-crescer-pedido-de-fretes-por-empresa-s-pequenas\/#primaryimage"},"thumbnailUrl":"https:\/\/ocaminhoneirolegal.com.br\/wp-content\/uploads\/2026\/04\/the-courier-gives-the-parcel-to-the-client-near-th-2026-01-09-07-19-53-utc-1-1-scaled.jpg","keywords":["#caminhoneiro","#CaminhoneiroLegal","#CaminhoneirosDoBrasil","#DeusNoComando","#freteseguro","#Seguran\u00e7aNasEstradas","#transporterodovi\u00e1rio","#VidaNaEstrada"],"articleSection":["Frete","Not\u00edcias"],"inLanguage":"pt-BR"},{"@type":"WebPage","@id":"https:\/\/ocaminhoneirolegal.com.br\/index.php\/2026\/04\/19\/beleza-faz-crescer-pedido-de-fretes-por-empresa-s-pequenas\/","url":"https:\/\/ocaminhoneirolegal.com.br\/index.php\/2026\/04\/19\/beleza-faz-crescer-pedido-de-fretes-por-empresa-s-pequenas\/","name":"Beleza faz crescer pedido de fretes por empresas pequenas - O portal de not\u00edcias do Caminhoneiro","isPartOf":{"@id":"https:\/\/ocaminhoneirolegal.com.br\/#website"},"primaryImageOfPage":{"@id":"https:\/\/ocaminhoneirolegal.com.br\/index.php\/2026\/04\/19\/beleza-faz-crescer-pedido-de-fretes-por-empresa-s-pequenas\/#primaryimage"},"image":{"@id":"https:\/\/ocaminhoneirolegal.com.br\/index.php\/2026\/04\/19\/beleza-faz-crescer-pedido-de-fretes-por-empresa-s-pequenas\/#primaryimage"},"thumbnailUrl":"https:\/\/ocaminhoneirolegal.com.br\/wp-content\/uploads\/2026\/04\/the-courier-gives-the-parcel-to-the-client-near-th-2026-01-09-07-19-53-utc-1-1-scaled.jpg","datePublished":"2026-04-19T13:29:00+00:00","dateModified":"2026-04-19T16:00:15+00:00","description":"Puxado por itens de moda e beleza, envio de mercadorias vendidas por pequenas e m\u00e9dias empresas cresceu 50% desde 2021. Eixo Rio-SP \u00e9 o mais movimentado.","breadcrumb":{"@id":"https:\/\/ocaminhoneirolegal.com.br\/index.php\/2026\/04\/19\/beleza-faz-crescer-pedido-de-fretes-por-empresa-s-pequenas\/#breadcrumb"},"inLanguage":"pt-BR","potentialAction":[{"@type":"ReadAction","target":["https:\/\/ocaminhoneirolegal.com.br\/index.php\/2026\/04\/19\/beleza-faz-crescer-pedido-de-fretes-por-empresa-s-pequenas\/"]}]},{"@type":"ImageObject","inLanguage":"pt-BR","@id":"https:\/\/ocaminhoneirolegal.com.br\/index.php\/2026\/04\/19\/beleza-faz-crescer-pedido-de-fretes-por-empresa-s-pequenas\/#primaryimage","url":"https:\/\/ocaminhoneirolegal.com.br\/wp-content\/uploads\/2026\/04\/the-courier-gives-the-parcel-to-the-client-near-th-2026-01-09-07-19-53-utc-1-1-scaled.jpg","contentUrl":"https:\/\/ocaminhoneirolegal.com.br\/wp-content\/uploads\/2026\/04\/the-courier-gives-the-parcel-to-the-client-near-th-2026-01-09-07-19-53-utc-1-1-scaled.jpg","width":2560,"height":1707},{"@type":"BreadcrumbList","@id":"https:\/\/ocaminhoneirolegal.com.br\/index.php\/2026\/04\/19\/beleza-faz-crescer-pedido-de-fretes-por-empresa-s-pequenas\/#breadcrumb","itemListElement":[{"@type":"ListItem","position":1,"name":"Home","item":"https:\/\/ocaminhoneirolegal.com.br\/"},{"@type":"ListItem","position":2,"name":"Beleza faz crescer pedido de fretes por empresas pequenas"}]},{"@type":"WebSite","@id":"https:\/\/ocaminhoneirolegal.com.br\/#website","url":"https:\/\/ocaminhoneirolegal.com.br\/","name":"O Caminhoneiro Legal","description":"A economia gira porque o caminh\u00e3o roda","publisher":{"@id":"https:\/\/ocaminhoneirolegal.com.br\/#organization"},"potentialAction":[{"@type":"SearchAction","target":{"@type":"EntryPoint","urlTemplate":"https:\/\/ocaminhoneirolegal.com.br\/?s={search_term_string}"},"query-input":{"@type":"PropertyValueSpecification","valueRequired":true,"valueName":"search_term_string"}}],"inLanguage":"pt-BR"},{"@type":"Organization","@id":"https:\/\/ocaminhoneirolegal.com.br\/#organization","name":"O Caminhoneiro Legal","url":"https:\/\/ocaminhoneirolegal.com.br\/","logo":{"@type":"ImageObject","inLanguage":"pt-BR","@id":"https:\/\/ocaminhoneirolegal.com.br\/#\/schema\/logo\/image\/","url":"https:\/\/ocaminhoneirolegal.com.br\/wp-content\/uploads\/2025\/04\/logo-marrom.png","contentUrl":"https:\/\/ocaminhoneirolegal.com.br\/wp-content\/uploads\/2025\/04\/logo-marrom.png","width":288,"height":273,"caption":"O Caminhoneiro Legal"},"image":{"@id":"https:\/\/ocaminhoneirolegal.com.br\/#\/schema\/logo\/image\/"},"sameAs":["https:\/\/web.facebook.com\/caminhoneirolegal2.0\/?_rdc=1&_rdr#","https:\/\/www.instagram.com\/caminhoneirolegal2.0\/","https:\/\/www.tiktok.com\/@caminhoneirolegal2.0","https:\/\/www.youtube.com\/@caminhoneirolegal2.0"]},{"@type":"Person","@id":"https:\/\/ocaminhoneirolegal.com.br\/#\/schema\/person\/dd025fed50eb5c508f38b95b9593fee1","name":"Reda\u00e7\u00e3o","image":{"@type":"ImageObject","inLanguage":"pt-BR","@id":"https:\/\/ocaminhoneirolegal.com.br\/#\/schema\/person\/image\/","url":"https:\/\/secure.gravatar.com\/avatar\/ae3daaaea55366086224e88ef1080ce1421b58ba7e173d31ba2986363a3664db?s=96&d=mm&r=g","contentUrl":"https:\/\/secure.gravatar.com\/avatar\/ae3daaaea55366086224e88ef1080ce1421b58ba7e173d31ba2986363a3664db?s=96&d=mm&r=g","caption":"Reda\u00e7\u00e3o"},"url":"https:\/\/ocaminhoneirolegal.com.br\/index.php\/author\/cristovao-caminhoneiro\/"}]}},"_links":{"self":[{"href":"https:\/\/ocaminhoneirolegal.com.br\/index.php\/wp-json\/wp\/v2\/posts\/8559","targetHints":{"allow":["GET"]}}],"collection":[{"href":"https:\/\/ocaminhoneirolegal.com.br\/index.php\/wp-json\/wp\/v2\/posts"}],"about":[{"href":"https:\/\/ocaminhoneirolegal.com.br\/index.php\/wp-json\/wp\/v2\/types\/post"}],"author":[{"embeddable":true,"href":"https:\/\/ocaminhoneirolegal.com.br\/index.php\/wp-json\/wp\/v2\/users\/9"}],"replies":[{"embeddable":true,"href":"https:\/\/ocaminhoneirolegal.com.br\/index.php\/wp-json\/wp\/v2\/comments?post=8559"}],"version-history":[{"count":6,"href":"https:\/\/ocaminhoneirolegal.com.br\/index.php\/wp-json\/wp\/v2\/posts\/8559\/revisions"}],"predecessor-version":[{"id":8724,"href":"https:\/\/ocaminhoneirolegal.com.br\/index.php\/wp-json\/wp\/v2\/posts\/8559\/revisions\/8724"}],"wp:featuredmedia":[{"embeddable":true,"href":"https:\/\/ocaminhoneirolegal.com.br\/index.php\/wp-json\/wp\/v2\/media\/8703"}],"wp:attachment":[{"href":"https:\/\/ocaminhoneirolegal.com.br\/index.php\/wp-json\/wp\/v2\/media?parent=8559"}],"wp:term":[{"taxonomy":"category","embeddable":true,"href":"https:\/\/ocaminhoneirolegal.com.br\/index.php\/wp-json\/wp\/v2\/categories?post=8559"},{"taxonomy":"post_tag","embeddable":true,"href":"https:\/\/ocaminhoneirolegal.com.br\/index.php\/wp-json\/wp\/v2\/tags?post=8559"}],"curies":[{"name":"wp","href":"https:\/\/api.w.org\/{rel}","templated":true}]}}